{"id":1021,"date":"2016-06-28T12:45:46","date_gmt":"2016-06-28T11:45:46","guid":{"rendered":"http:\/\/chazproductions.fr\/fr\/?p=1021"},"modified":"2025-01-24T17:26:21","modified_gmt":"2025-01-24T16:26:21","slug":"la-belle-saison-sortie-espagnole-ce-vendredi","status":"publish","type":"post","link":"https:\/\/chazproductions.fr\/fr\/?p=1021","title":{"rendered":"\u00ab\u00a0LA BELLE SAISON\u00a0\u00bb de Catherine Corsini &#8211; sortie espagnole ce vendredi !"},"content":{"rendered":"<p>LA BELLE SAISON en salles en Espagne d\u00e8s le 1er juillet 2016.<\/p>\n<p>De nombreuses avant-premi\u00e8res cette semaine! Dont une \u00e0 l&rsquo;Institut Fran\u00e7ais de Barcelone ce jeudi 30 juin.<\/p>\n<p>&nbsp;<\/p>\n<blockquote class=\"wp-embedded-content\" data-secret=\"eMTJbHwL43\"><p><a href=\"https:\/\/www.equinoxmagazine.fr\/2016\/06\/21\/film-belle-saison-barcelone\/\">\u00ab\u00a0La Belle Saison\u00a0\u00bb avec C\u00e9cile de France au cin\u00e9ma \u00e0 Barcelone<\/a><\/p><\/blockquote>\n<p><iframe loading=\"lazy\" class=\"wp-embedded-content\" sandbox=\"allow-scripts\" security=\"restricted\" style=\"position: absolute; visibility: hidden;\" title=\"\u00ab\u00a0\u00ab\u00a0La Belle Saison\u00a0\u00bb avec C\u00e9cile de France au cin\u00e9ma \u00e0 Barcelone\u00a0\u00bb &#8212; Equinox\" src=\"https:\/\/www.equinoxmagazine.fr\/2016\/06\/21\/film-belle-saison-barcelone\/embed\/#?secret=AD60j0MZMD#?secret=eMTJbHwL43\" data-secret=\"eMTJbHwL43\" width=\"600\" height=\"338\" frameborder=\"0\" marginwidth=\"0\" marginheight=\"0\" scrolling=\"no\"><\/iframe><\/p>\n<p>https:\/\/avenir-barcelone.ufe.org\/a-barcelone\/907-qla-belle-saison-dans-vos-salles-le-1er-juillet<\/p>\n","protected":false},"excerpt":{"rendered":"<p>LA BELLE SAISON en salles en Espagne d\u00e8s le 1er juillet 2016. De nombreuses avant-premi\u00e8res cette semaine! Dont une \u00e0 l&rsquo;Institut Fran\u00e7ais de Barcelone ce jeudi 30 juin. &nbsp; \u00ab\u00a0La Belle Saison\u00a0\u00bb avec C\u00e9cile de France au cin\u00e9ma \u00e0 Barcelone https:\/\/avenir-barcelone.ufe.org\/a-barcelone\/907-qla-belle-saison-dans-vos-salles-le-1er-juillet<\/p>\n","protected":false},"author":2,"featured_media":593,"comment_status":"closed","ping_status":"closed","sticky":false,"template":"","format":"standard","meta":{"_acf_changed":false,"footnotes":""},"categories":[1],"tags":[],"class_list":["post-1021","post","type-post","status-publish","format-standard","has-post-thumbnail","hentry","category-non-classe"],"acf":[],"_links":{"self":[{"href":"https:\/\/chazproductions.fr\/fr\/index.php?rest_route=\/wp\/v2\/posts\/1021","targetHints":{"allow":["GET"]}}],"collection":[{"href":"https:\/\/chazproductions.fr\/fr\/index.php?rest_route=\/wp\/v2\/posts"}],"about":[{"href":"https:\/\/chazproductions.fr\/fr\/index.php?rest_route=\/wp\/v2\/types\/post"}],"author":[{"embeddable":true,"href":"https:\/\/chazproductions.fr\/fr\/index.php?rest_route=\/wp\/v2\/users\/2"}],"replies":[{"embeddable":true,"href":"https:\/\/chazproductions.fr\/fr\/index.php?rest_route=%2Fwp%2Fv2%2Fcomments&post=1021"}],"version-history":[{"count":4,"href":"https:\/\/chazproductions.fr\/fr\/index.php?rest_route=\/wp\/v2\/posts\/1021\/revisions"}],"predecessor-version":[{"id":1797,"href":"https:\/\/chazproductions.fr\/fr\/index.php?rest_route=\/wp\/v2\/posts\/1021\/revisions\/1797"}],"wp:featuredmedia":[{"embeddable":true,"href":"https:\/\/chazproductions.fr\/fr\/index.php?rest_route=\/wp\/v2\/media\/593"}],"wp:attachment":[{"href":"https:\/\/chazproductions.fr\/fr\/index.php?rest_route=%2Fwp%2Fv2%2Fmedia&parent=1021"}],"wp:term":[{"taxonomy":"category","embeddable":true,"href":"https:\/\/chazproductions.fr\/fr\/index.php?rest_route=%2Fwp%2Fv2%2Fcategories&post=1021"},{"taxonomy":"post_tag","embeddable":true,"href":"https:\/\/chazproductions.fr\/fr\/index.php?rest_route=%2Fwp%2Fv2%2Ftags&post=1021"}],"curies":[{"name":"wp","href":"https:\/\/api.w.org\/{rel}","templated":true}]}}